{"id":1132,"date":"2009-04-26T09:24:12","date_gmt":"2009-04-26T12:24:12","guid":{"rendered":"http:\/\/www.brainlabs.com.ar\/novedad\/?p=1132"},"modified":"2009-04-26T09:24:12","modified_gmt":"2009-04-26T12:24:12","slug":"podrian-aumentar-hasta-un-30-celulares-y-notebooks","status":"publish","type":"post","link":"https:\/\/www.brainlabs.com\/novedad\/podrian-aumentar-hasta-un-30-celulares-y-notebooks\/","title":{"rendered":"Podr\u00edan aumentar hasta un 30% celulares y notebooks"},"content":{"rendered":"<p class=\"MsoNormal\" style=\"background: white; margin: 12.25pt 0cm 0pt; line-height: 11.45pt; mso-margin-bottom-alt: auto;\"><span style=\"font-size: 9pt; color: #111111; font-family: Arial; mso-ansi-language: ES;\">El proyecto de ley enviado por D\u00e9bora Giorgi al Congreso el 7 de abril, que ampl\u00eda el listado de productos gravados con impuestos internos y eleva el IVA a varios productos electr\u00f3nicos, encarecer\u00e1 hasta un 30% el precio de notebooks, monitores de computadoras, c\u00e1maras digitales, pantallas LCD y tel\u00e9fonos celulares, entre otros art\u00edculos importados. As\u00ed lo anticiparon empresas como Dell e Intel y c\u00e1maras del sector, que llevar\u00e1n su reclamo al Congreso, con el objetivo de que no se apruebe el proyecto.<\/span><\/p>\n<p class=\"MsoNormal\" style=\"background: white; margin: 12.25pt 0cm 0pt; line-height: 11.45pt; mso-margin-bottom-alt: auto;\"><span style=\"font-size: 9pt; color: #111111; font-family: Arial; mso-ansi-language: ES; mso-fareast-font-family: SimSun; mso-fareast-language: ZH-CN; mso-bidi-language: AR-SA;\">En concreto, el proyecto que a\u00fan no fue tratado ampl\u00eda el listado de productos gravados con impuestos internos (con una al\u00edcuota del 17%) e incorpora desde GPS hasta c\u00e1maras digitales, seg\u00fan precisaron desde la Amcham. Por otro lado, eleva del 10,5 al 21% el IVA sobre un listado de electr\u00f3nicos importados, como notebooks. Norberto Capell\u00e1n, presidente de la C\u00e1mara de Inform\u00e1tica y Comunicaciones de la Rep\u00fablica Argentina (Cicomra), anticip\u00f3 que, de aprobarse, encarecer\u00e1 hasta un 30% los productos porque el impuesto se trasladar\u00e1 autom\u00e1ticamente al consumidor. Desde la C\u00e1mara Argentina de Comercio e Importaci\u00f3n de Equipos de Imagen, Fotograf\u00eda y Electr\u00f3nica, detallaron que el proyecto encarecer\u00e1 un 20% las c\u00e1maras digitales, achicar\u00e1 el mercado y fomentar\u00e1 el contrabando. \u00abMuchas categor\u00edas no tienen su equivalente nacional y no hay capacidad en el pa\u00eds para fabricarlas\u00bb, analiz\u00f3 el consultor Alfredo Garc\u00eda Corado. Desde el Gobierno defendieron la medida como promotora de la industria nacional. Y desde la Asociaci\u00f3n de F\u00e1bricas Terminales El\u00e9ctricas (Afarte, que agrupa a las empresas que producen en Tierra del Fuego), se\u00f1alaron que es \u00abel camino que tom\u00f3 Brasil [por Manaos], desarrollar\u00e1 la industria nacional y generar\u00e1 al menos 1500 puestos de trabajo\u00bb.<\/span><\/p>\n<p class=\"MsoNormal\" style=\"background: white; margin: 12.25pt 0cm 0pt; line-height: 11.45pt; mso-margin-bottom-alt: auto;\"><span style=\"font-size: 9pt; color: #111111; font-family: Arial; mso-ansi-language: ES; mso-fareast-font-family: SimSun; mso-fareast-language: ZH-CN; mso-bidi-language: AR-SA;\">Fuente: La Naci\u00f3n, Econom\u00eda.\u00a024\/04\/09<\/span><\/p>\n","protected":false},"excerpt":{"rendered":"<p>El proyecto de ley enviado por D\u00e9bora Giorgi al Congreso el 7 de abril, que&#8230;<\/p>\n","protected":false},"author":1,"featured_media":0,"comment_status":"closed","ping_status":"open","sticky":false,"template":"","format":"standard","meta":{"footnotes":""},"categories":[47],"tags":[],"class_list":["post-1132","post","type-post","status-publish","format-standard","hentry","category-news"],"featured_image_urls":{"full":"","thumbnail":"","medium":"","medium_large":"","large":"","1536x1536":"","2048x2048":"","covernews-featured":"","covernews-medium":""},"author_info":{"display_name":"admin","author_link":"https:\/\/www.brainlabs.com\/novedad\/author\/admin\/"},"category_info":"<a href=\"https:\/\/www.brainlabs.com\/novedad\/category\/news\/\" rel=\"category tag\">News<\/a>","tag_info":"News","comment_count":"0","_links":{"self":[{"href":"https:\/\/www.brainlabs.com\/novedad\/wp-json\/wp\/v2\/posts\/1132","targetHints":{"allow":["GET"]}}],"collection":[{"href":"https:\/\/www.brainlabs.com\/novedad\/wp-json\/wp\/v2\/posts"}],"about":[{"href":"https:\/\/www.brainlabs.com\/novedad\/wp-json\/wp\/v2\/types\/post"}],"author":[{"embeddable":true,"href":"https:\/\/www.brainlabs.com\/novedad\/wp-json\/wp\/v2\/users\/1"}],"replies":[{"embeddable":true,"href":"https:\/\/www.brainlabs.com\/novedad\/wp-json\/wp\/v2\/comments?post=1132"}],"version-history":[{"count":0,"href":"https:\/\/www.brainlabs.com\/novedad\/wp-json\/wp\/v2\/posts\/1132\/revisions"}],"wp:attachment":[{"href":"https:\/\/www.brainlabs.com\/novedad\/wp-json\/wp\/v2\/media?parent=1132"}],"wp:term":[{"taxonomy":"category","embeddable":true,"href":"https:\/\/www.brainlabs.com\/novedad\/wp-json\/wp\/v2\/categories?post=1132"},{"taxonomy":"post_tag","embeddable":true,"href":"https:\/\/www.brainlabs.com\/novedad\/wp-json\/wp\/v2\/tags?post=1132"}],"curies":[{"name":"wp","href":"https:\/\/api.w.org\/{rel}","templated":true}]}}