{"id":1428,"date":"2009-09-02T23:22:29","date_gmt":"2009-09-03T02:22:29","guid":{"rendered":"http:\/\/www.brainlabs.com.ar\/novedad\/?p=1428"},"modified":"2022-11-29T15:22:58","modified_gmt":"2022-11-29T18:22:58","slug":"ya-es-oficial-la-eleccion-de-la-norma-japonesa-para-la-television-digital","status":"publish","type":"post","link":"https:\/\/www.brainlabs.com\/novedad\/ya-es-oficial-la-eleccion-de-la-norma-japonesa-para-la-television-digital\/","title":{"rendered":"Ya es oficial la elecci\u00f3n de la norma japonesa para la televisi\u00f3n digital"},"content":{"rendered":"<p>El Gobierno nacional oficializ\u00f3 este viernes la elecci\u00f3n de la norma japonesa-brasile\u00f1a ISDB-T para la televisi\u00f3n digital, a trav\u00e9s de una resoluci\u00f3n de la Secretar\u00eda de Comunicaciones.<\/p>\n<p>La medida numerada como 171\/2009 y publicada en el Bolet\u00edn Oficial, confirma los <img decoding=\"async\" class=\"alignright\" src=\"http:\/\/www.brainlabs.com\/novedad\/images\/tv\/images.jpg\" alt=\"\" width=\"135\" height=\"68\" \/>anuncios difundidos en p\u00fablico esta semana por el Gobierno brasile\u00f1o, <strong>que hizo lobby junto a su par japon\u00e9s a favor de este sistema, en una puja donde compet\u00eda con los est\u00e1ndares norteamericano (ATSC) y europeo (DVB).<\/strong><\/p>\n<p>La resoluci\u00f3n, que cita estudios realizados por la Comisi\u00f3n Nacional de Comunicaciones (CNC) y la Universidad Nacional de San Mart\u00edn, recomienda al Gobierno la elecci\u00f3n del est\u00e1ndar ISDB-T (sigla en ingl\u00e9s por Integrated Services Digital Broadcasting Terrestrial) como base para el Sistema de Televisi\u00f3n Digital de la Argentina.<\/p>\n<p>Se espera que la elecci\u00f3n sea anunciada hoy en la ciudad rionegrina de San Carlos de Bariloche por la presidenta Cristina Fern\u00e1ndez de Kirchner durante un encuentro con su par de Brasil, Luiz In\u00e1cio Lula da Silva, luego de la cumbre de gobernantes de la Uni\u00f3n de Naciones Suramericanas (Unasur).<\/p>\n<p>La recomendaci\u00f3n que hace al Ministerio de Planificaci\u00f3n Federal, Inversi\u00f3n P\u00fablica y Servicios la Resoluci\u00f3n 171 <strong>tendr\u00e1 que plasmarla ahora el Poder Ejecutivo en un decreto<\/strong>.<\/p>\n<p><img decoding=\"async\" class=\"alignleft\" style=\"margin: 3px 5px;\" src=\"http:\/\/www.brainlabs.com\/novedad\/images\/tv\/images2.jpg\" alt=\"\" width=\"240\" height=\"160\" \/>En los fundamentos de la resoluci\u00f3n se recuerda que <strong>el Sistema Nacional de Medios P\u00fablicos realiz\u00f3 diversas pruebas para la implementaci\u00f3n de un sistema de transmisi\u00f3n de un canal en alta definici\u00f3n<\/strong>.<\/p>\n<p>De esas pruebas se concluy\u00f3 que el sistema basado en el est\u00e1ndar denominado ISDB-T o su versi\u00f3n Brasile\u00f1a STVD-TB ser\u00eda el elegido para la televisi\u00f3n p\u00fablica Canal 7.<\/p>\n<p>El Comit\u00e9 Federal de Radiodifusi\u00f3n (Comfer) se\u00f1al\u00f3 que \u201cdebe priorizarse una norma digital que permita optimizar la utilizaci\u00f3n del espectro, tanto en alta como en baja potencia, como as\u00ed tambi\u00e9n la implementaci\u00f3n de repetidora de un \u00fanico canal\u201d.<\/p>\n<p>Y que \u201cla elecci\u00f3n del est\u00e1ndar tecnol\u00f3gico a ser utilizado en la digitalizaci\u00f3n del espectro radioel\u00e9ctrico importa la posibilidad de impulsar el desarrollo industrial y tecnol\u00f3gico nacional\u201d.<\/p>\n<p>La decisi\u00f3n de la Secretar\u00eda de Comunicaciones <strong>dej\u00f3 sin efecto el est\u00e1ndar ATSC para los sistemas de TDT, establecido en la resoluci\u00f3n N\u00ba 2357\/98, por el gobierno del ex presidente Carlos Menem<\/strong>.<\/p>\n","protected":false},"excerpt":{"rendered":"<p>El Gobierno nacional oficializ\u00f3 este viernes la elecci\u00f3n de la norma japonesa-brasile\u00f1a ISDB-T para la&#8230;<\/p>\n","protected":false},"author":1,"featured_media":0,"comment_status":"closed","ping_status":"open","sticky":false,"template":"","format":"standard","meta":{"footnotes":""},"categories":[47],"tags":[],"class_list":["post-1428","post","type-post","status-publish","format-standard","hentry","category-news"],"featured_image_urls":{"full":"","thumbnail":"","medium":"","medium_large":"","large":"","1536x1536":"","2048x2048":"","covernews-featured":"","covernews-medium":""},"author_info":{"display_name":"admin","author_link":"https:\/\/www.brainlabs.com\/novedad\/author\/admin\/"},"category_info":"<a href=\"https:\/\/www.brainlabs.com\/novedad\/category\/news\/\" rel=\"category tag\">News<\/a>","tag_info":"News","comment_count":"0","_links":{"self":[{"href":"https:\/\/www.brainlabs.com\/novedad\/wp-json\/wp\/v2\/posts\/1428","targetHints":{"allow":["GET"]}}],"collection":[{"href":"https:\/\/www.brainlabs.com\/novedad\/wp-json\/wp\/v2\/posts"}],"about":[{"href":"https:\/\/www.brainlabs.com\/novedad\/wp-json\/wp\/v2\/types\/post"}],"author":[{"embeddable":true,"href":"https:\/\/www.brainlabs.com\/novedad\/wp-json\/wp\/v2\/users\/1"}],"replies":[{"embeddable":true,"href":"https:\/\/www.brainlabs.com\/novedad\/wp-json\/wp\/v2\/comments?post=1428"}],"version-history":[{"count":1,"href":"https:\/\/www.brainlabs.com\/novedad\/wp-json\/wp\/v2\/posts\/1428\/revisions"}],"predecessor-version":[{"id":7437,"href":"https:\/\/www.brainlabs.com\/novedad\/wp-json\/wp\/v2\/posts\/1428\/revisions\/7437"}],"wp:attachment":[{"href":"https:\/\/www.brainlabs.com\/novedad\/wp-json\/wp\/v2\/media?parent=1428"}],"wp:term":[{"taxonomy":"category","embeddable":true,"href":"https:\/\/www.brainlabs.com\/novedad\/wp-json\/wp\/v2\/categories?post=1428"},{"taxonomy":"post_tag","embeddable":true,"href":"https:\/\/www.brainlabs.com\/novedad\/wp-json\/wp\/v2\/tags?post=1428"}],"curies":[{"name":"wp","href":"https:\/\/api.w.org\/{rel}","templated":true}]}}