{"id":1993,"date":"2009-12-24T14:33:26","date_gmt":"2009-12-24T17:33:26","guid":{"rendered":"http:\/\/www.brainlabs.com.ar\/novedad\/?p=1993"},"modified":"2022-11-29T15:17:36","modified_gmt":"2022-11-29T18:17:36","slug":"calendarika-crea-un-calendario-con-la-foto-que-quieras","status":"publish","type":"post","link":"https:\/\/www.brainlabs.com\/novedad\/calendarika-crea-un-calendario-con-la-foto-que-quieras\/","title":{"rendered":"Calendarika, crea un calendario con la foto que quieras"},"content":{"rendered":"<p><a href=\"http:\/\/www.calendarika.com\/\" target=\"_blank\" rel=\"noopener\">Calendarika<\/a> es una simple  herramienta que nos permite<strong> crear un calendario personalizado <\/strong>con la foto que nosotros queramos de forma online, pudiendole poner  nuestras im\u00e1genes de fondo o como principales.<\/p>\n<p>Para hacerlo tenemos que seguir tres pasos, el primero es elegir el template  del mismo, hay varios disponibles, luego seleccionar las im\u00e1genes (la principal  y la de fondo), que podemos subir o usar de internet, y por \u00faltimo se crea  autom\u00e1ticamente el calendario.<\/p>\n<p style=\"text-align: center;\"><img fetchpriority=\"high\" decoding=\"async\" class=\"aligncenter size-full wp-image-1994\" title=\"pj\" src=\"http:\/\/brainlabs.com.ar\/novedad\/images\/\/pj.jpg\" alt=\"pj\" width=\"384\" height=\"240\" \/><\/p>\n","protected":false},"excerpt":{"rendered":"<p>Calendarika es una simple herramienta que nos permite crear un calendario personalizado con la foto&#8230;<\/p>\n","protected":false},"author":10,"featured_media":0,"comment_status":"closed","ping_status":"open","sticky":false,"template":"","format":"standard","meta":{"footnotes":""},"categories":[40],"tags":[],"class_list":["post-1993","post","type-post","status-publish","format-standard","hentry","category-marketing-digital"],"featured_image_urls":{"full":"","thumbnail":"","medium":"","medium_large":"","large":"","1536x1536":"","2048x2048":"","covernews-featured":"","covernews-medium":""},"author_info":{"display_name":"Sergio Zamenfeld","author_link":"https:\/\/www.brainlabs.com\/novedad\/author\/sergio\/"},"category_info":"<a href=\"https:\/\/www.brainlabs.com\/novedad\/category\/marketing-digital\/\" rel=\"category tag\">Marketing Digital<\/a>","tag_info":"Marketing Digital","comment_count":"0","_links":{"self":[{"href":"https:\/\/www.brainlabs.com\/novedad\/wp-json\/wp\/v2\/posts\/1993","targetHints":{"allow":["GET"]}}],"collection":[{"href":"https:\/\/www.brainlabs.com\/novedad\/wp-json\/wp\/v2\/posts"}],"about":[{"href":"https:\/\/www.brainlabs.com\/novedad\/wp-json\/wp\/v2\/types\/post"}],"author":[{"embeddable":true,"href":"https:\/\/www.brainlabs.com\/novedad\/wp-json\/wp\/v2\/users\/10"}],"replies":[{"embeddable":true,"href":"https:\/\/www.brainlabs.com\/novedad\/wp-json\/wp\/v2\/comments?post=1993"}],"version-history":[{"count":1,"href":"https:\/\/www.brainlabs.com\/novedad\/wp-json\/wp\/v2\/posts\/1993\/revisions"}],"predecessor-version":[{"id":7363,"href":"https:\/\/www.brainlabs.com\/novedad\/wp-json\/wp\/v2\/posts\/1993\/revisions\/7363"}],"wp:attachment":[{"href":"https:\/\/www.brainlabs.com\/novedad\/wp-json\/wp\/v2\/media?parent=1993"}],"wp:term":[{"taxonomy":"category","embeddable":true,"href":"https:\/\/www.brainlabs.com\/novedad\/wp-json\/wp\/v2\/categories?post=1993"},{"taxonomy":"post_tag","embeddable":true,"href":"https:\/\/www.brainlabs.com\/novedad\/wp-json\/wp\/v2\/tags?post=1993"}],"curies":[{"name":"wp","href":"https:\/\/api.w.org\/{rel}","templated":true}]}}