{"id":3882,"date":"2010-11-01T07:55:22","date_gmt":"2010-11-01T10:55:22","guid":{"rendered":"http:\/\/www.brainlabs.com.ar\/novedad\/?p=3882"},"modified":"2023-05-23T19:08:02","modified_gmt":"2023-05-23T22:08:02","slug":"asus-planea-inundar-el-mercado-de-tablets-en-2011","status":"publish","type":"post","link":"https:\/\/www.brainlabs.com\/novedad\/asus-planea-inundar-el-mercado-de-tablets-en-2011\/","title":{"rendered":"Asus planea inundar el mercado de tablets en 2011"},"content":{"rendered":"<p>No hay duda, los <em>tablets<\/em> son los <em>gadgets<\/em> de moda y parece que han llegado para quedarse. A Apple se le puede acusar de muchas cosas, pero ha sabido ver y aprovecharse  de una oportunidad de negocio inmejorable y ahora casi todos los  fabricantes quieren su <em>iPad killer<\/em>. Otros, en cambio, prefieren optar por otra estrategia, bien sea esperando el momento adecuado, o bien inundando el mercado con multitud de modelos con caracter\u00edsticas distintas entre s\u00ed,  tratando de adaptarse a las necesidades de todo tipo de usuarios. Este  \u00faltimo caso parece ser el de <strong>Asus<\/strong>, que por medio de su presidente, <em>Jerry Shen<\/em>, ha desvelado sus planes para llenar el mercado con sus productos durante 2011.<\/p>\n<p style=\"text-align: center;\"><a class=\"highslide\" onclick=\"return vz.expand(this)\" href=\"http:\/\/www.brainlabs.com.ar\/novedad\/images\/\/ASUS-Eee-Pad.jpg\"><img fetchpriority=\"high\" decoding=\"async\" class=\"aligncenter size-full wp-image-3883\" title=\"ASUS-Eee-Pad\" src=\"http:\/\/www.brainlabs.com.ar\/novedad\/images\/\/ASUS-Eee-Pad.jpg\" alt=\"\" width=\"360\" height=\"234\" \/><\/a><\/p>\n<p>Adem\u00e1s de destinar 200 t\u00e9cnicos a trabajar en exclusiva en la divisi\u00f3n de desarrollo de <em>tablets<\/em> de la compa\u00f1\u00eda, la estrategia de <strong>Asus<\/strong> pasa por lanzar <em>tablets<\/em> de todo tipo de tama\u00f1os (<strong>7, 9, 10 y 12 pulgadas<\/strong>), con procesadores de diversas marcas (ya sean basados en arquitecturas <a href=\"http:\/\/en.wikipedia.org\/wiki\/ARM_architecture\" target=\"_blank\" rel=\"noopener\"><strong>ARM<\/strong><\/a> o utilizando modelos de <strong>Intel<\/strong>), y sin casarse con sistema operativo alguno puesto que tendr\u00e1n varios modelos con <strong>Windows<\/strong> y otros tantos con <strong>Android<\/strong>. El primero en llegar ser\u00e1 el <strong>Eee Pad 121<\/strong>, que aterrizar\u00e1 en los comercios en diciembre de este a\u00f1o. Recordemos que el <strong>EP121<\/strong> ser\u00e1 un <em>tablet<\/em> de 12 pulgadas, funcionando sobre un procesador de Intel con Windows 7. En <strong>Electronista<\/strong> aseguran que Microsoft ha desarrollado mejoras para la interfaz y el control t\u00e1ctil.<\/p>\n<p>Para marzo de 2011, <strong>Asus<\/strong> tiene planificado comenzar a comerciar 4 modelos de <em>tablets<\/em> con peque\u00f1os cambios entre las caracter\u00edsticas de cada uno. Mientras 2  de ellos tendr\u00e1n las insuficientes (en mi opini\u00f3n) 7 pulgadas, los otros  2 vendr\u00e1n con pantallas de 9 pulgadas. De los modelos de 7 pulgadas,  uno de ellos s\u00f3lo tendr\u00e1 conectividad <em>wi-fi<\/em>, mientras que el otro tendr\u00e1 conectividad <em>HSPA+<\/em>, pero incluir\u00e1 funciones de tel\u00e9fono. En cuanto a los modelos de 9 pulgadas, el primero contendr\u00e1 la combinaci\u00f3n <a href=\"http:\/\/www.androidcentral.com\/tegra-android-netbook-prototype-shown\" target=\"_blank\" rel=\"noopener\">Tegra 2 y Android<\/a>, mientras que el otro ser\u00e1 m\u00e1s parecido al EP121, con Windows y hardware de Intel.<\/p>\n<p>Es evidente que <strong>Asus<\/strong> va a poner toda la carne en el asador para hacerse un hueco en el mundo de los <em>tablets<\/em>.  La inversi\u00f3n que est\u00e1n realizando da v\u00e9rtigo y pretenden cubrir  pr\u00e1cticamente todo el espectro de consumidores con infinidad de modelos  distintos. La pregunta ahora es, <strong>\u00bfser\u00e1 demasiado tarde?<\/strong> Yo espero que no, la verdad es que el dise\u00f1o de los modelos que ha  mostrado hasta ahora atrae mucho. S\u00f3lo espero que no se les vaya  demasiado la mano con el precio, aunque las primeras noticias, que dicen  que el EP121 rondar\u00e1 los 1000 d\u00f3lares, no son nada buenas.<\/p>\n","protected":false},"excerpt":{"rendered":"<p>No hay duda, los tablets son los gadgets de moda y parece que han llegado&#8230;<\/p>\n","protected":false},"author":10,"featured_media":0,"comment_status":"open","ping_status":"open","sticky":false,"template":"","format":"standard","meta":{"footnotes":""},"categories":[42],"tags":[],"class_list":["post-3882","post","type-post","status-publish","format-standard","hentry","category-gadgets"],"featured_image_urls":{"full":"","thumbnail":"","medium":"","medium_large":"","large":"","1536x1536":"","2048x2048":"","covernews-featured":"","covernews-medium":""},"author_info":{"display_name":"Sergio Zamenfeld","author_link":"https:\/\/www.brainlabs.com\/novedad\/author\/sergio\/"},"category_info":"<a href=\"https:\/\/www.brainlabs.com\/novedad\/category\/gadgets\/\" rel=\"category tag\">Gadgets<\/a>","tag_info":"Gadgets","comment_count":"0","_links":{"self":[{"href":"https:\/\/www.brainlabs.com\/novedad\/wp-json\/wp\/v2\/posts\/3882","targetHints":{"allow":["GET"]}}],"collection":[{"href":"https:\/\/www.brainlabs.com\/novedad\/wp-json\/wp\/v2\/posts"}],"about":[{"href":"https:\/\/www.brainlabs.com\/novedad\/wp-json\/wp\/v2\/types\/post"}],"author":[{"embeddable":true,"href":"https:\/\/www.brainlabs.com\/novedad\/wp-json\/wp\/v2\/users\/10"}],"replies":[{"embeddable":true,"href":"https:\/\/www.brainlabs.com\/novedad\/wp-json\/wp\/v2\/comments?post=3882"}],"version-history":[{"count":5,"href":"https:\/\/www.brainlabs.com\/novedad\/wp-json\/wp\/v2\/posts\/3882\/revisions"}],"predecessor-version":[{"id":7711,"href":"https:\/\/www.brainlabs.com\/novedad\/wp-json\/wp\/v2\/posts\/3882\/revisions\/7711"}],"wp:attachment":[{"href":"https:\/\/www.brainlabs.com\/novedad\/wp-json\/wp\/v2\/media?parent=3882"}],"wp:term":[{"taxonomy":"category","embeddable":true,"href":"https:\/\/www.brainlabs.com\/novedad\/wp-json\/wp\/v2\/categories?post=3882"},{"taxonomy":"post_tag","embeddable":true,"href":"https:\/\/www.brainlabs.com\/novedad\/wp-json\/wp\/v2\/tags?post=3882"}],"curies":[{"name":"wp","href":"https:\/\/api.w.org\/{rel}","templated":true}]}}