{"id":5471,"date":"2011-10-17T06:13:59","date_gmt":"2011-10-17T08:13:59","guid":{"rendered":"http:\/\/brainlabs.com.ar\/novedad\/?p=5471"},"modified":"2022-11-28T11:52:37","modified_gmt":"2022-11-28T14:52:37","slug":"skype-ya-es-oficialmente-una-division-de-microsoft-la-compra-se-ha-completado","status":"publish","type":"post","link":"https:\/\/www.brainlabs.com\/novedad\/skype-ya-es-oficialmente-una-division-de-microsoft-la-compra-se-ha-completado\/","title":{"rendered":"Skype ya es oficialmente una divisi\u00f3n de Microsoft, la compra se ha completado"},"content":{"rendered":"<p>Supimos de la compra el 10 de mayo, pero no fue hasta junio que la comisi\u00f3n entimonopolio de los Estados Unidos estuvo de acuerdo y no ha sido hasta hace pocos d\u00edas que la Comisi\u00f3n Europea no dio su visto bueno a la operaci\u00f3n y no ha sido hasta la madrugada del 11 de octubre que oficialmente, <strong>Skype ha pasado a formar parte del gigante Microsoft<\/strong>. Desde ahora, el servicio de llamadas y conferencias por VoIP es una divisi\u00f3n de la compa\u00f1\u00eda de Redmond. Steve Ballmer, su CEO, declara:<\/p>\n<blockquote><p>\u00abSkype es una marca y un producto fenomenal y querido por millones y millones de personas alrededor del mundo. Vamos a trabajar con el equipo de Skype para crear nuevas formas de mantener conectadas a familias, amigos, clientes y compa\u00f1eros cuando sea y donde sea.\u00bb<\/p><\/blockquote>\n<p style=\"text-align: center;\"><a class=\"highslide\" onclick=\"return vz.expand(this)\" href=\"http:\/\/brainlabs.com.ar\/novedad\/images\/\/Microsoft-compra-Skype_54156_1.jpg\"><img fetchpriority=\"high\" decoding=\"async\" class=\"aligncenter size-medium wp-image-5472\" title=\"Microsoft compra Skype\" src=\"http:\/\/brainlabs.com.ar\/novedad\/images\/\/Microsoft-compra-Skype_54156_1-300x199.jpg\" alt=\"\" width=\"300\" height=\"199\" \/><\/a><\/p>\n<p>Tony Bates, hasta ahora CEO de Skype, ocupar\u00e1 ahora el cargo de <em>presidente de la divisi\u00f3n Skype de Microsoft<\/em>. Es de esperar que Microsoft empiece a integrar Skype en sus servicios y sistemas, al mismo tiempo que mantiene <a href=\"http:\/\/www.applesfera.com\/aplicaciones-moviles\/steve-ballmer-tranquiliza-a-los-usuarios-seguiremos-teniendo-skype-para-ios-y-mac-os-x\" target=\"_blank\" rel=\"noopener\">la promesa<\/a> de mantenerlo en el resto de plataformas de la competencia. Haremos lo \u00fanico que se puede hacer en estos casos: esperar a ver c\u00f3mo en Microsoft utilizan Skype y observar la reacci\u00f3n de los usuarios.<\/p>\n<p>V\u00eda | Microsoft News Center<br \/>\nV\u00eddeo | <a href=\"http:\/\/www.youtube.com\/watch?v=-ByWVVovdDg\">YouTube<\/a><\/p>\n","protected":false},"excerpt":{"rendered":"<p>Supimos de la compra el 10 de mayo, pero no fue hasta junio que la&#8230;<\/p>\n","protected":false},"author":10,"featured_media":5472,"comment_status":"open","ping_status":"open","sticky":false,"template":"","format":"standard","meta":{"footnotes":""},"categories":[47],"tags":[],"class_list":["post-5471","post","type-post","status-publish","format-standard","has-post-thumbnail","hentry","category-news"],"featured_image_urls":{"full":"","thumbnail":"","medium":"","medium_large":"","large":"","1536x1536":"","2048x2048":"","covernews-featured":"","covernews-medium":""},"author_info":{"display_name":"Sergio Zamenfeld","author_link":"https:\/\/www.brainlabs.com\/novedad\/author\/sergio\/"},"category_info":"<a href=\"https:\/\/www.brainlabs.com\/novedad\/category\/news\/\" rel=\"category tag\">News<\/a>","tag_info":"News","comment_count":"0","_links":{"self":[{"href":"https:\/\/www.brainlabs.com\/novedad\/wp-json\/wp\/v2\/posts\/5471","targetHints":{"allow":["GET"]}}],"collection":[{"href":"https:\/\/www.brainlabs.com\/novedad\/wp-json\/wp\/v2\/posts"}],"about":[{"href":"https:\/\/www.brainlabs.com\/novedad\/wp-json\/wp\/v2\/types\/post"}],"author":[{"embeddable":true,"href":"https:\/\/www.brainlabs.com\/novedad\/wp-json\/wp\/v2\/users\/10"}],"replies":[{"embeddable":true,"href":"https:\/\/www.brainlabs.com\/novedad\/wp-json\/wp\/v2\/comments?post=5471"}],"version-history":[{"count":1,"href":"https:\/\/www.brainlabs.com\/novedad\/wp-json\/wp\/v2\/posts\/5471\/revisions"}],"predecessor-version":[{"id":7145,"href":"https:\/\/www.brainlabs.com\/novedad\/wp-json\/wp\/v2\/posts\/5471\/revisions\/7145"}],"wp:featuredmedia":[{"embeddable":true,"href":"https:\/\/www.brainlabs.com\/novedad\/wp-json\/"}],"wp:attachment":[{"href":"https:\/\/www.brainlabs.com\/novedad\/wp-json\/wp\/v2\/media?parent=5471"}],"wp:term":[{"taxonomy":"category","embeddable":true,"href":"https:\/\/www.brainlabs.com\/novedad\/wp-json\/wp\/v2\/categories?post=5471"},{"taxonomy":"post_tag","embeddable":true,"href":"https:\/\/www.brainlabs.com\/novedad\/wp-json\/wp\/v2\/tags?post=5471"}],"curies":[{"name":"wp","href":"https:\/\/api.w.org\/{rel}","templated":true}]}}