{"id":838,"date":"2009-01-02T22:10:51","date_gmt":"2009-01-03T01:10:51","guid":{"rendered":"http:\/\/www.brainlabs.com.ar\/novedad\/?p=838"},"modified":"2009-01-02T22:10:51","modified_gmt":"2009-01-03T01:10:51","slug":"i-congreso-politicas-publicas-impacto-socio-economico-de-las-tic-en-las-americas","status":"publish","type":"post","link":"https:\/\/www.brainlabs.com\/novedad\/i-congreso-politicas-publicas-impacto-socio-economico-de-las-tic-en-las-americas\/","title":{"rendered":"I Congreso &quot;Pol\u00edticas p\u00fablicas, impacto socio-econ\u00f3mico de las TIC en las Am\u00e9ricas&quot;"},"content":{"rendered":"<p>ACORN \/ REDECOM-Am\u00e9ricas es una red acad\u00e9mica interdisciplinaria de centros de investigaci\u00f3n que pretende impulsar el avance social y econ\u00f3mico en las Am\u00e9ricas a trav\u00e9s de las TIC. Uno de sus objetivos es promover espacios de di\u00e1logo entre investigadores del continente americano en los que se pueda examinar la pol\u00edtica y los marcos normativos apropiados para la regulaci\u00f3n de las TIC y su impacto sobre el desarrollo de los pa\u00edses y regiones del continente.<\/p>\n<p>En esta ocasi\u00f3n, ACORN-REDECOM presentan esta conferencia anual con la que pretenden reunir a investigadores y miembros de los sectores p\u00fablico y privado para aprender de los estudios y experiencias encontradas en la materia. Se encuentra abierto el periodo de recepci\u00f3n de ponencias para presentaci\u00f3n en la conferencia, que se celebrar\u00e1 el pr\u00f3ximo mes de mayo en Ciudad de M\u00e9xico.<\/p>\n<div id=\"informacionForm:evento:j_id_id10pc10:0:j_id19\" style=\"display: block;\">ACORN <span>\u00a0\/\u00a0<\/span> REDECOM <span>\u00a0\u00a0<\/span><\/div>\n<div id=\"informacionForm:evento:j_id_id10pc10:0:j_id28\" style=\"display: block;\"><span class=\"label\">Fecha:<\/span> 21.05.09 &#8211; 22.05.09<\/div>\n<div id=\"informacionForm:evento:j_id_id10pc10:0:j_id37\" style=\"display: block;\"><span class=\"label\">Lugar:<\/span> Ciudad de M\u00e9xico. M\u00e9xico<\/div>\n","protected":false},"excerpt":{"rendered":"<p>ACORN \/ REDECOM-Am\u00e9ricas es una red acad\u00e9mica interdisciplinaria de centros de investigaci\u00f3n que pretende impulsar&#8230;<\/p>\n","protected":false},"author":1,"featured_media":0,"comment_status":"closed","ping_status":"open","sticky":false,"template":"","format":"standard","meta":{"footnotes":""},"categories":[41],"tags":[],"class_list":["post-838","post","type-post","status-publish","format-standard","hentry","category-eventos"],"featured_image_urls":{"full":"","thumbnail":"","medium":"","medium_large":"","large":"","1536x1536":"","2048x2048":"","covernews-featured":"","covernews-medium":""},"author_info":{"display_name":"admin","author_link":"https:\/\/www.brainlabs.com\/novedad\/author\/admin\/"},"category_info":"<a href=\"https:\/\/www.brainlabs.com\/novedad\/category\/eventos\/\" rel=\"category tag\">Eventos<\/a>","tag_info":"Eventos","comment_count":"0","_links":{"self":[{"href":"https:\/\/www.brainlabs.com\/novedad\/wp-json\/wp\/v2\/posts\/838","targetHints":{"allow":["GET"]}}],"collection":[{"href":"https:\/\/www.brainlabs.com\/novedad\/wp-json\/wp\/v2\/posts"}],"about":[{"href":"https:\/\/www.brainlabs.com\/novedad\/wp-json\/wp\/v2\/types\/post"}],"author":[{"embeddable":true,"href":"https:\/\/www.brainlabs.com\/novedad\/wp-json\/wp\/v2\/users\/1"}],"replies":[{"embeddable":true,"href":"https:\/\/www.brainlabs.com\/novedad\/wp-json\/wp\/v2\/comments?post=838"}],"version-history":[{"count":0,"href":"https:\/\/www.brainlabs.com\/novedad\/wp-json\/wp\/v2\/posts\/838\/revisions"}],"wp:attachment":[{"href":"https:\/\/www.brainlabs.com\/novedad\/wp-json\/wp\/v2\/media?parent=838"}],"wp:term":[{"taxonomy":"category","embeddable":true,"href":"https:\/\/www.brainlabs.com\/novedad\/wp-json\/wp\/v2\/categories?post=838"},{"taxonomy":"post_tag","embeddable":true,"href":"https:\/\/www.brainlabs.com\/novedad\/wp-json\/wp\/v2\/tags?post=838"}],"curies":[{"name":"wp","href":"https:\/\/api.w.org\/{rel}","templated":true}]}}